{"id":113,"date":"2022-05-21T04:29:54","date_gmt":"2022-05-21T04:29:54","guid":{"rendered":"http:\/\/www.tifca.dk\/?p=113"},"modified":"2022-05-21T04:29:54","modified_gmt":"2022-05-21T04:29:54","slug":"113","status":"publish","type":"post","link":"https:\/\/www.tifca.dk\/index.php\/2022\/05\/21\/113\/","title":{"rendered":"Uden titel"},"content":{"rendered":"\n<p><img loading=\"lazy\" decoding=\"async\" width=\"816\" height=\"1122\" src=\"https:\/\/lh4.googleusercontent.com\/6DpnUMCoATdoOeAXjDUb1KV21j4aNUyBdAvf5tOm7HIFDlx5j0__4hy_60cnUzYA_m_oX0d-gN6kuTvCZuVo-J75AyUS0N2aYDUt6YqBfQe6clFX0rcX9lEALy0bs2m4XoQjYGmOi9ZRqg3AHA\"><\/p>\n\n\n\n<p>Til: Der bundes Minister des Innern \u202f\u202f\u202f\u202f\u202f\u202f\u202f\u202f\u202f\u202f\u202f\u202f\u202f\u202f\u202f\u202f\u202f\u202f\u202f\u202f\u202f\u202f\u202f\u202f\u202f\u202f\u202f\u202f\u202f\u202f\u202f\u202f\u202f\u202f\u202f\u202f\u202f\u202f\u202f\u202f\u202f\u202f\u202f\u202f\u202f\u202f\u202f\u202f\u202f\u202f\u202f\u202f\u202f\u202f\u202f\u202f\u202f\u202f\u202f\u202f\u202f\u202f\u202f\u202f\u202f\u202f\u202f\u202f\u202f\u202f\u202f\u202f\u202f\u202f\u202f\u202f\u202f\u202f\u202f\u202f\u202f\u202f\u202f\u202f\u202f\u202f\u202f\u202f\u202f\u202f\u202f\u202f\u202f\u202f\u202f\u202f\u202f\u202f\u202f\u202f\u202f\u202f\u202f\u202f\u202f\u202f\u202f\u202f\u202f\u202f\u202f\u202f\u202f\u202f\u202f\u202f\u202f\u202f\u202f\u202f\u202f\u202f Randers d. 13\/9-94.&nbsp;<\/p>\n\n\n\n<p>Fra:\u202f Jens Frank Illemann&nbsp;<\/p>\n\n\n\n<p>Jeg har rettet korrespondance til dem med det form\u00e5l at skabe et opl\u00e6g til et \u00f8konomisk system af en \u00e6ndret struktur I forhold til det nuv\u00e6rende. Jeg har ytret tanker I forbindelse om \u201ej\u00f8derne&#8221;, disse tanker skal ikke tages for et politisk synspunkt, men er snarere udtryk for den aggressive afledning som kommer til udtryk overfor strukturel afledt magtesl\u00f8shed, underfor st\u00e5et at vi europ\u00e6erer tilh\u00f8rer det folk som er udkonkurreret fra det varme klima, og det endda ud p\u00e5 en halv-\u00f8, hvilket kan udtrykkes som manglende mulighed for \u201egeografisk&#8221; undvigelse for en familie som befinder sig p\u00e5 en halv-\u00f8, eksempelvis den vest-asiatiske halv-\u00f8. Jeg er ikke dansk statsborger set udfra et real synspunkt, jeg blev afvist fra session\u202f (&#8220;<em>da jeg kom ind i lokalet hvor Sessionen foregik, kiggede l\u00e6gen p\u00e5 mig et kort \u00f8jeblik, gik over i det modsatte hj\u00f8rne telefonerede kort, og vendte sig derefter om og kommanderede mig ud af lokalet&#8221;<\/em>)\u202f med den begrundelse at jeg ingen milt har, men uden at v\u00e6re blevet unders\u00f8gt af l\u00e6gen. Jeg valgte at blive I Danmark alligevel, med den begrundelse at jeg I 1980 tog k\u00f8rekort til bil og motorcykel, og I den forbindelse indleverede en fejlfri l\u00e6ge-erkl\u00e6ring til det danske politi I Randers. De fleste andre mennesker ville have protesteret over den form for behandling, og indleveret en l\u00e6ge erkl\u00e6ring fra egen l\u00e6ge, og derefter talt med store ord til sessions l\u00e6gen- Jeg valgte at v\u00e6re \u201edum og degenereret&#8221;, derefter var det sp\u00f8rgsm\u00e5l om at balancere p\u00e5 en line, hvor jeg p\u00e5 den ene side var udst\u00f8dt fra mit land, og p\u00e5 den anden side skulle fungere som \u201ej\u00f8de-karl&#8221;, hvilket jeg ikke ville. Med dette som baggrund, vil jeg v\u00e6re glad om de kunne anl\u00e6gge en anden synsvinkel p\u00e5 det system jeg har fremsendt til dem med titelen: \u00bbFacit?\u00ab&nbsp;<\/p>\n\n\n\n<p>M.V.H&nbsp;<\/p>\n\n\n\n<p>\u202f&nbsp;<\/p>\n\n\n\n<p>\u202f&nbsp;<\/p>\n\n\n\n<p>L\u00e6ge erkl\u00e6ring: Udf\u00f8rt af L\u00e6ge; Sven Lanzky Otto, Randers d. 8\/9-1994&nbsp;<\/p>\n\n\n\n<p>Jens Frank Illemann har v\u00e6ret min patient i 1 \u00e5r. Han vil gerne have erkl\u00e6ring om sit fysiske helbred.\u202f I 1972 blev han opereret p\u00e5 \u00c5rhus kommunehospital for neds\u00e6ttelse\u202f af blodpladerne. Milten blev fjernet og han fik i 1990 foretaget pneumococvaccination. Der skulle s\u00e5ledes ikke v\u00e6re risiko for \u00f8get sygelighed efter fjernelse af milten. Ligeledes er der heller ingen grund til at formode, at hans fysiske funktionsniveau vil v\u00e6re nedsat.&nbsp;<\/p>\n\n\n\n<p>Objektivt findes sundt normalt udseende. h\u00f8jde 191 cm. v\u00e6gt 91 kg. \u00d8jne, mund, sv\u00e6lg Normalt. Hjerte- og lungeforhold: Normale. BT 135\/80 mm. Hg. Puls 68 regelm\u00e6ssig. P\u00e5 maven findes operatiosn ar efter fjernelse af milten Palpation af maven i \u00f8vrigt normal. P\u00e5 ekstremiteterne er der normale forhold med normale reflekser. farvesynet normalt&nbsp;&nbsp;<\/p>\n","protected":false},"excerpt":{"rendered":"<p>Til: Der bundes Minister des Innern \u202f\u202f\u202f\u202f\u202f\u202f\u202f\u202f\u202f\u202f\u202f\u202f\u202f\u202f\u202f\u202f\u202f\u202f\u202f\u202f\u202f\u202f\u202f\u202f\u202f\u202f\u202f\u202f\u202f\u202f\u202f\u202f\u202f\u202f\u202f\u202f\u202f\u202f\u202f\u202f\u202f\u202f\u202f\u202f\u202f\u202f\u202f\u202f\u202f\u202f\u202f\u202f\u202f\u202f\u202f\u202f\u202f\u202f\u202f\u202f\u202f\u202f\u202f\u202f\u202f\u202f\u202f\u202f\u202f\u202f\u202f\u202f\u202f\u202f\u202f\u202f\u202f\u202f\u202f\u202f\u202f\u202f\u202f\u202f\u202f\u202f\u202f\u202f\u202f\u202f\u202f\u202f\u202f\u202f\u202f\u202f\u202f\u202f\u202f\u202f\u202f\u202f\u202f\u202f\u202f\u202f\u202f\u202f\u202f\u202f\u202f\u202f\u202f\u202f\u202f\u202f\u202f\u202f\u202f\u202f\u202f\u202f Randers d. 13\/9-94.&nbsp; Fra:\u202f Jens Frank Illemann&nbsp; Jeg har rettet korrespondance til dem med det form\u00e5l at skabe et opl\u00e6g til et \u00f8konomisk system af en \u00e6ndret struktur I forhold til det nuv\u00e6rende. Jeg har ytret tanker I forbindelse om \u201ej\u00f8derne&#8221;, disse tanker skal ikke tages for et&hellip; <a class=\"more-link\" href=\"https:\/\/www.tifca.dk\/index.php\/2022\/05\/21\/113\/\">L\u00e6s mere <span class=\"screen-reader-text\">Uden titel<\/span><\/a><\/p>\n","protected":false},"author":1,"featured_media":0,"comment_status":"open","ping_status":"open","sticky":false,"template":"","format":"standard","meta":{"footnotes":""},"categories":[1],"tags":[],"class_list":["post-113","post","type-post","status-publish","format-standard","hentry","category-uncategorized","entry"],"_links":{"self":[{"href":"https:\/\/www.tifca.dk\/index.php\/wp-json\/wp\/v2\/posts\/113","targetHints":{"allow":["GET"]}}],"collection":[{"href":"https:\/\/www.tifca.dk\/index.php\/wp-json\/wp\/v2\/posts"}],"about":[{"href":"https:\/\/www.tifca.dk\/index.php\/wp-json\/wp\/v2\/types\/post"}],"author":[{"embeddable":true,"href":"https:\/\/www.tifca.dk\/index.php\/wp-json\/wp\/v2\/users\/1"}],"replies":[{"embeddable":true,"href":"https:\/\/www.tifca.dk\/index.php\/wp-json\/wp\/v2\/comments?post=113"}],"version-history":[{"count":2,"href":"https:\/\/www.tifca.dk\/index.php\/wp-json\/wp\/v2\/posts\/113\/revisions"}],"predecessor-version":[{"id":115,"href":"https:\/\/www.tifca.dk\/index.php\/wp-json\/wp\/v2\/posts\/113\/revisions\/115"}],"wp:attachment":[{"href":"https:\/\/www.tifca.dk\/index.php\/wp-json\/wp\/v2\/media?parent=113"}],"wp:term":[{"taxonomy":"category","embeddable":true,"href":"https:\/\/www.tifca.dk\/index.php\/wp-json\/wp\/v2\/categories?post=113"},{"taxonomy":"post_tag","embeddable":true,"href":"https:\/\/www.tifca.dk\/index.php\/wp-json\/wp\/v2\/tags?post=113"}],"curies":[{"name":"wp","href":"https:\/\/api.w.org\/{rel}","templated":true}]}}