{"id":124,"date":"2022-05-22T15:12:10","date_gmt":"2022-05-22T15:12:10","guid":{"rendered":"http:\/\/www.tifca.dk\/?p=124"},"modified":"2022-05-22T15:12:10","modified_gmt":"2022-05-22T15:12:10","slug":"bmi-en-redegoerelse","status":"publish","type":"post","link":"https:\/\/www.tifca.dk\/index.php\/2022\/05\/22\/bmi-en-redegoerelse\/","title":{"rendered":"BMI &#8211; en redeg\u00f8relse"},"content":{"rendered":"\n<p>Til: Det Tyske Indenrigsministerium<\/p>\n\n\n\n<p>I 2014 har der v\u00e6ret en r\u00e6kke mennesker for at opfordre mig til at begynde min forskning og gen\u00e5bne min hjemmeside (tifca.dk) igen. Disse henvendelser kom fra Polen, Vatikanstaten og den Ukrainske kirke \u2013 jeg har sagt nej til dem alle sammen, og her er en forklaring.<\/p>\n\n\n\n<p>2007 Jeg skrev i August m\u00e5ned en analyse vedr\u00f8rende Ukraine, i september m\u00e5ned blev jeg fyret fra mit arbejde p\u00e5 ulovlig vis, Bilag 1. Ihukommende hvad der kort forinden var sket hos Hartmann A\/S i T\u00f8nder, spurgte jeg en r\u00e6kke mennesker om det var forsvarligt at forts\u00e6tte min hjemmeside, de svarede alle sammen \u2013 Nej! Dem jeg spurgte hed: Kurt &#8211; en Skot\u00f8jshandler fra Flensburg, Theo &#8211; en t\u00f8mrer fra Nieb\u00fcll, Hans&nbsp; &#8211; en funktion\u00e6r fra Bredebro i Jylland og Nad &#8211; en ex-jugoslav fra T\u00f8nder i Jylland. Derefter undlod jeg at skrive mere p\u00e5 min hjemmeside og lod den lukke i 2008.&nbsp;<\/p>\n\n\n\n<p>2008, I marts m\u00e5ned flyttede vi til Esbjerg i et r\u00e6kkehus og jeg havde fundet et arbejde p\u00e5 Valsem\u00f8llen A\/S i Esbjerg. Min kone begyndte at studere p\u00e5 sprogskole og min dreng gik i b\u00f8rnehave \u2013 alt i alt en normal hverdag.<\/p>\n\n\n\n<p>2009: Havde jeg nogle samtaler med en afrikaner ved navn \u201dRobert\u201d og jeg skrev efterf\u00f8lgende en artikel, bilag 2, som omhandlede nogle forhold i Afrika, og som jeg selv skriver, var denne artikel noget overfladisk<\/p>\n\n\n\n<p>2010: Kom en statsborger fra Moldova til mig og spurgte om jeg kunne hj\u00e6lpe hendes land, og vi havde nogle samtaler, og jeg skrev en artikel som omhandlede Moldova med titlen: Forsoning, bilag 3. P\u00e5 samme tid blev en bil jeg havde lejet vandaliseret. Kort tid efter blev min kone overfaldet og truet verbalt og fysisk adskillige gange (hun vil ikke selv sige hvor mange gange), dette skete i Esbjerg centrum, og if\u00f8lge min kone var det unge danske m\u00e6nd som udf\u00f8rte disse handlinger. Derefter indstillede jeg min forskning. I mellemtiden har jeg konstateret at vi bliver aflyttet i vores eget hjem, og vi har haft adskillige indbrud som er sket med en n\u00f8gle der passer i vores hovedd\u00f8r, denne n\u00f8gle passer ogs\u00e5 til vores redskabs skur og postkasse, bilag 4.<\/p>\n\n\n\n<p>2011. Jeg blev afskediget fra mit arbejd p\u00e5 Valsem\u00f8llen A\/S. Bilag 5<\/p>\n\n\n\n<p>2014-2015: Kom en r\u00e6kke mennesker til mig i mit hjem og opfordrede mig til at genoptage min forskning og gen\u00e5bne min hjemmeside (tifca.dk), dette var jeg ogs\u00e5 positiv overfor, og fremlagde mit forslag: At jeg fik en underskrift indsamling og derefter ville jeg s\u00f8ge om et forsknings stipendiat, Eller tilsvarende, s\u00e5ledes at jeg kunne koncentrere mig 100% om mit arbejde vedr\u00f8rende halv\u00f8 syndromet og samtidig have en vis sikkerhed omkring min familie. I forbindelse med disse samtaler \u00e5bnede jeg en konto p\u00e5 facebook og opfordrede til en \u00e5ben dialog, jeg modtog aldrig nogen henvendelse eller reaktion p\u00e5 disse opfordringer.<\/p>\n\n\n\n<p>2016: Havde jeg nogle samtaler med en Jens Skouboe som er forstander for den skole hvor min dreng (Sebastian) g\u00e5r i, dette begrundede i at Sebastian blev systematisk terroriseret af en anden dreng som i l\u00e6ngere tid havde udf\u00f8rt telefon chikane imod min telefon, og som havde nogle oplysninger om mig som er ret private, alt i alt en s\u00e6rdeles velunderrettet 11 \u00e5rs dreng.&nbsp;<\/p>\n\n\n\n<p>Den 25\/6-2016 har jeg indgivet anmeldelse (bilag 6) til det danske politi i Esbjerg, jeg har pt. ikke modtaget noget svar. Jeg har tidligere indgivet anmeldelse til politiet \u2013 uden resultat.&nbsp;<\/p>\n\n\n\n<p>Jeg h\u00e5ber at dette var en rimelig og grundig redeg\u00f8relse vedr\u00f8rende min situation her i Danmark.<\/p>\n\n\n\n<p>M.v.h.<\/p>\n\n\n\n<p>Jens Illemann<\/p>\n\n\n\n<p>Esbjerg 2016<\/p>\n","protected":false},"excerpt":{"rendered":"<p>Til: Det Tyske Indenrigsministerium I 2014 har der v\u00e6ret en r\u00e6kke mennesker for at opfordre mig til at begynde min forskning og gen\u00e5bne min hjemmeside (tifca.dk) igen. Disse henvendelser kom fra Polen, Vatikanstaten og den Ukrainske kirke \u2013 jeg har sagt nej til dem alle sammen, og her er en forklaring. 2007 Jeg skrev i&hellip; <a class=\"more-link\" href=\"https:\/\/www.tifca.dk\/index.php\/2022\/05\/22\/bmi-en-redegoerelse\/\">L\u00e6s mere <span class=\"screen-reader-text\">BMI &#8211; en redeg\u00f8relse<\/span><\/a><\/p>\n","protected":false},"author":1,"featured_media":0,"comment_status":"open","ping_status":"open","sticky":false,"template":"","format":"standard","meta":{"footnotes":""},"categories":[1],"tags":[],"class_list":["post-124","post","type-post","status-publish","format-standard","hentry","category-uncategorized","entry"],"_links":{"self":[{"href":"https:\/\/www.tifca.dk\/index.php\/wp-json\/wp\/v2\/posts\/124","targetHints":{"allow":["GET"]}}],"collection":[{"href":"https:\/\/www.tifca.dk\/index.php\/wp-json\/wp\/v2\/posts"}],"about":[{"href":"https:\/\/www.tifca.dk\/index.php\/wp-json\/wp\/v2\/types\/post"}],"author":[{"embeddable":true,"href":"https:\/\/www.tifca.dk\/index.php\/wp-json\/wp\/v2\/users\/1"}],"replies":[{"embeddable":true,"href":"https:\/\/www.tifca.dk\/index.php\/wp-json\/wp\/v2\/comments?post=124"}],"version-history":[{"count":1,"href":"https:\/\/www.tifca.dk\/index.php\/wp-json\/wp\/v2\/posts\/124\/revisions"}],"predecessor-version":[{"id":125,"href":"https:\/\/www.tifca.dk\/index.php\/wp-json\/wp\/v2\/posts\/124\/revisions\/125"}],"wp:attachment":[{"href":"https:\/\/www.tifca.dk\/index.php\/wp-json\/wp\/v2\/media?parent=124"}],"wp:term":[{"taxonomy":"category","embeddable":true,"href":"https:\/\/www.tifca.dk\/index.php\/wp-json\/wp\/v2\/categories?post=124"},{"taxonomy":"post_tag","embeddable":true,"href":"https:\/\/www.tifca.dk\/index.php\/wp-json\/wp\/v2\/tags?post=124"}],"curies":[{"name":"wp","href":"https:\/\/api.w.org\/{rel}","templated":true}]}}