{"id":135,"date":"2022-11-02T16:33:47","date_gmt":"2022-11-02T16:33:47","guid":{"rendered":"http:\/\/www.tifca.dk\/?p=135"},"modified":"2022-11-03T03:58:34","modified_gmt":"2022-11-03T03:58:34","slug":"vores-efterkommere","status":"publish","type":"post","link":"https:\/\/www.tifca.dk\/index.php\/2022\/11\/02\/vores-efterkommere\/","title":{"rendered":"Vores efterkommere"},"content":{"rendered":"\n<p>Jeg har lige siddet og talt med to unge m\u00e6nd fra USA, og de er bekymret for klimaet ganske som millioner af andre mennesker over hele verden er det. Og jeg m\u00e5 give dem ret&nbsp; Det er en vanskelig balancegang som vores efterkommere st\u00e5r overfor. Vores Elite ved godt at de kan kun v\u00e6re hos os s\u00e5l\u00e6nge de levere en levestandard som almindelige mennesker er tilfredse med, beh\u00f8ver jeg at henvise til det \u00f8stasiatiske teknokrati system?&nbsp;<\/p>\n\n\n\n<p>I 1943 lavede det tyske \u201cSicherheit dienst\u201d en unders\u00f8gelse i den tyske befolkning som beviste at s\u00e5l\u00e6nge det nazistiske system leverede en levestandard som var h\u00f8jere end den levestandard som det kommunistiske system kunne levere, ville den tyske befolkning forblive loyal over for det tyske (Nazistiske system). Hvorfor n\u00e6vner jeg dette i sammenh\u00e6ng klima debatten?&nbsp;<\/p>\n\n\n\n<p>Vores forbrug og forurening h\u00e6nger n\u00f8je sammen, og jo h\u00f8jere forbrug vi har desto flere r\u00e5stoffer bruger vi. Derfor vil det v\u00e6re n\u00f8dvendigt at s\u00e6nke forbruget af r\u00e5stoffer for at mindske forureningen, og dermed har vi to modstridende interesser. Vores elite skal ubetinget skaffe flere r\u00e5stoffer for at stadig flere mennesker kan for\u00f8ge deres forbrug, samtidig g\u00f8r dettte forbrug, og alts\u00e5 den funktion vores elite har, stadig flere mennesker nerv\u00f8se for deres egen fremtid.<\/p>\n\n\n\n<p>Et forslag fra min side kune v\u00e6re at de respektive lande samordnede deres energi forbrug s\u00e5ledes at s\u00e5 stort et antal mennesker p\u00e5 n\u00e6sten samme tid s\u00e6nkede deres forbrug uden at g\u00f8re deres eget land til m\u00e5l for en milit\u00e6r aggression eller system skifte<\/p>\n\n\n\n<p>Forfatter Jens Illemann &nbsp;<\/p>\n","protected":false},"excerpt":{"rendered":"<p>Jeg har lige siddet og talt med to unge m\u00e6nd fra USA, og de er bekymret for klimaet ganske som millioner af andre mennesker over hele verden er det. Og jeg m\u00e5 give dem ret&nbsp; Det er en vanskelig balancegang som vores efterkommere st\u00e5r overfor. Vores Elite ved godt at de kan kun v\u00e6re hos&hellip; <a class=\"more-link\" href=\"https:\/\/www.tifca.dk\/index.php\/2022\/11\/02\/vores-efterkommere\/\">L\u00e6s mere <span class=\"screen-reader-text\">Vores efterkommere<\/span><\/a><\/p>\n","protected":false},"author":1,"featured_media":0,"comment_status":"open","ping_status":"open","sticky":false,"template":"","format":"standard","meta":{"footnotes":""},"categories":[1],"tags":[],"class_list":["post-135","post","type-post","status-publish","format-standard","hentry","category-uncategorized","entry"],"_links":{"self":[{"href":"https:\/\/www.tifca.dk\/index.php\/wp-json\/wp\/v2\/posts\/135","targetHints":{"allow":["GET"]}}],"collection":[{"href":"https:\/\/www.tifca.dk\/index.php\/wp-json\/wp\/v2\/posts"}],"about":[{"href":"https:\/\/www.tifca.dk\/index.php\/wp-json\/wp\/v2\/types\/post"}],"author":[{"embeddable":true,"href":"https:\/\/www.tifca.dk\/index.php\/wp-json\/wp\/v2\/users\/1"}],"replies":[{"embeddable":true,"href":"https:\/\/www.tifca.dk\/index.php\/wp-json\/wp\/v2\/comments?post=135"}],"version-history":[{"count":2,"href":"https:\/\/www.tifca.dk\/index.php\/wp-json\/wp\/v2\/posts\/135\/revisions"}],"predecessor-version":[{"id":138,"href":"https:\/\/www.tifca.dk\/index.php\/wp-json\/wp\/v2\/posts\/135\/revisions\/138"}],"wp:attachment":[{"href":"https:\/\/www.tifca.dk\/index.php\/wp-json\/wp\/v2\/media?parent=135"}],"wp:term":[{"taxonomy":"category","embeddable":true,"href":"https:\/\/www.tifca.dk\/index.php\/wp-json\/wp\/v2\/categories?post=135"},{"taxonomy":"post_tag","embeddable":true,"href":"https:\/\/www.tifca.dk\/index.php\/wp-json\/wp\/v2\/tags?post=135"}],"curies":[{"name":"wp","href":"https:\/\/api.w.org\/{rel}","templated":true}]}}