{"id":221,"date":"2023-05-19T09:15:42","date_gmt":"2023-05-19T09:15:42","guid":{"rendered":"http:\/\/www.tifca.dk\/?p=221"},"modified":"2023-05-19T09:15:42","modified_gmt":"2023-05-19T09:15:42","slug":"screw-into-that-freight-car-with-your-family","status":"publish","type":"post","link":"https:\/\/www.tifca.dk\/index.php\/2023\/05\/19\/screw-into-that-freight-car-with-your-family\/","title":{"rendered":"&#8220;Screw into that freight car with your family&#8221;"},"content":{"rendered":"\n<p>&#8220;Screw into that freight car with your family&#8221;<\/p>\n\n\n\n<p>That&#8217;s what I said when someone had called me several times to order a pizza &#8211; with a secret number, of course.<\/p>\n\n\n\n<p>Part of the population here in Denmark suffers from &#8220;schizophrenic megalomania&#8221;, which applies especially to the middle class. A large part of the Danish population believes that the tertiary sector is the most important, and it is &#8211; for Denmark.<\/p>\n\n\n\n<p>Some of the Danish women have interfered in the man&#8217;s work, they will probably feel the consequences in the event of a conflict, and it is therefore my intention to save these people from a grim fate if there comes a time when an open conflict is a theme.<\/p>\n\n\n\n<p>I had a friend visit from Germany, he was raised in a town in southern Germany near an American military base and he had a positive view of America, and had also worked over there for a while. If it comes to talking to an individual from Germany, I have the most positive experiences with people from the southern part of Germany. And it must be said that I emphasize a dialogue with people who can stay in their country even during an open conflict.<\/p>\n\n\n\n<p>We talked about how we can minimize the consequences of an open conflict with self-destructive weapons, Claus also expressed his frustration at the lack of education, in a general sense, to be able to solve some of the problems we face in the future.<\/p>\n\n\n\n<p>I told Claus about the after effects a concentration camp prisoner could have. As you know, I have been in the family of a Danish policeman who was interned in a concentration camp in September 1944, he returned home to Denmark in 1945 skin and bones. His wife, who was my godmother, she was born and raised in a station town on Djursland, and when they were visiting family, the children were not allowed to make noise or play outside when the police officer had to have a midday nap, possibly as a result of traumatic experiences he had had. That was one of the things I talked to Claus about, and I could tell from Claus that he felt badly affected because he is German. But remember, dear Europeans, that it was far less than half of the German population who voted for the Nazi party, the rest of the German population was more or less terrorized into participating in what later happened.<\/p>\n\n\n\n<p>My legal status: I am NOT with the Danish state, I am with the German state, according to the 1955 Bonn-Copenhagen declaration of March 29.<\/p>\n\n\n\n<p>Two American girls have visited me to ask if they could get a copy of my work to minimize the Peninsula Syndrome, they got a copy of System 3 2 1 and Pax Germania on paper, and some more articles as an email . A former US president has expressed concern about young white men in the US, I agree with that concern, if anyone wants serious dialogue with the American people, talk to the American women.<\/p>\n\n\n\n<p>Dear Europeans, let&#8217;s continue the dialogue, even though I and my family have been harassed and I am still alive.<\/p>\n\n\n\n<p>I have been invited by the Ukrainian Christian Church to write an article in 2015, my answer is \u201cYES\u201d if I can get an official permission from the Ukrainian Central Administration<\/p>\n\n\n\n<p>Sincerely, Jens Illemann<\/p>\n\n\n\n<p><\/p>\n\n\n\n<p>\u201cSkrub ind i den godsvogn sammen med din familie\u201d<\/p>\n\n\n\n<p>Det var hvad jeg sagde da en person havde ringet til mig adskillige gange for at bestille en pizza &#8211; selvf\u00f8lgelig med et hemmeligt nummer.&nbsp;<\/p>\n\n\n\n<p>En del af befolkningen her i Danmark lider af \u201cskizofren storhedsvanvid\u201d, hvilket g\u00e6lder specielt for middelklassen. En stor del af den danske befolkning mener at den terti\u00e6re sektor er den vigtigste, det er den ogs\u00e5 &#8211; for Danmark.<\/p>\n\n\n\n<p>En del af de danske kvinder har blandet sig i mandens arbejde, de vil sandsynligvis f\u00e5 konsekvenserne at f\u00f8le i tilf\u00e6lde af en konflikt, og det er s\u00e5 meningen at jeg skal redde disse mennesker fra en grum sk\u00e6bne hvis der kommer en tid hvor en \u00e5ben konflikt er et tema.&nbsp;<\/p>\n\n\n\n<p>Jeg havde bes\u00f8g af en kammerat fra Tyskland, han var opvokset i en by i sydtyskland i n\u00e6rheden af en amerikansk milit\u00e6rbase og han havde et positivt syn p\u00e5 Amerika, og havde ogs\u00e5 arbejdet derovre i et stykke tid. Hvis det kommer til at tale med en enkeltperson fra Tyskland s\u00e5 har Jeg de mest positive erfaringer med folk fra den sydlige del af Tyskland. Og dertil m\u00e5 siges, at jeg l\u00e6gger v\u00e6gt en dialog med mennesker som kan blive i deres land selv under en \u00e5ben konflikt.&nbsp;<\/p>\n\n\n\n<p>Vi talte om hvorledes vi kan minimere konsekvenserne af en \u00e5ben konflikt med selvdestruktive v\u00e5ben, Claus udtrykte ogs\u00e5 sin frustration over manglende uddannelse, i generel betydning, til at kunne l\u00f8se nogle af de problemer vi st\u00e5r overfor i fremtiden.&nbsp;<\/p>\n\n\n\n<p>Jeg fortalte Claus om de eftervirkninger en KZ-fange kunne have, Jeg har som bekendt v\u00e6ret i familie med en dansk politimand som blev&nbsp; interneret i en KZ lejr i september m\u00e5ned 1944, han vendte hjem til Danmark i 1945 som skind og ben. Hans kone som var min gudmor, hun var f\u00f8dt og opvokset i en stationsby p\u00e5 Djursland, og n\u00e5r var de p\u00e5 familiebes\u00f8g m\u00e5tte b\u00f8rnene ikke larme eller lege udenfor n\u00e5r Politibetjenten skulle have en middagslur, muligvis som en f\u00f8lge af traumatiske oplevelser han havde haft. Det var blandt andet noget af det jeg talte med Claus om, og jeg kunne godt m\u00e6rke p\u00e5 Claus at han f\u00f8lte sig ilde ber\u00f8rt fordi han er tysker. Men husk p\u00e5 k\u00e6re europ\u00e6ere, at det var langt under halvdelen af den tyske befolkning som stemte p\u00e5 Nazi partiet, resten af den tyske befolkning blev mere eller mindre terroriseret til at deltage i det som senere skete.&nbsp;<\/p>\n\n\n\n<p>Min juridiske status: Jeg er IKKE med den i den danske stat, jeg er med i den tyske stat, i henhold til 1955 Bonn-K\u00f8benhavn erkl\u00e6ringen af 29 marts.<\/p>\n\n\n\n<p>To amerikanske piger har v\u00e6ret p\u00e5 bes\u00f8g hos mig for at sp\u00f8rge om de kunne f\u00e5 en kopi af mit arbejde for at minimere Halv\u00f8-syndromet, de fik en kopi af System 3 2 1 og Pax Germania p\u00e5 papir, og yderligere nogle artikler som e mail. En tidligere amerikansk pr\u00e6sident har udtrykt bekymring over unge hvide m\u00e6nd i US, jeg er enig med den bekymring, hvis nogen vil seri\u00f8s dialog med den amerikanske befolkning, s\u00e5 tal med de amerikanske kvinder.&nbsp;&nbsp;<\/p>\n\n\n\n<p>K\u00e6re europ\u00e6ere, lad os forts\u00e6tte dialogen, selvom jeg og min familie har v\u00e6ret udsat for chikane, og jeg stadigv\u00e6k er i live.&nbsp;&nbsp;&nbsp;<\/p>\n\n\n\n<p>Jeg er blevet opfordret af den ukrainske kristne kirke til at skrive en artikel i 2015, mit svar er \u201cJA\u201d hvis jeg kan f\u00e5 en officiel tilladelse fra den Ukrainske central administration<\/p>\n\n\n\n<p>Med venlig hilsen Jens Illemann&nbsp;<\/p>\n\n\n\n<p><\/p>\n","protected":false},"excerpt":{"rendered":"<p>&#8220;Screw into that freight car with your family&#8221; That&#8217;s what I said when someone had called me several times to order a pizza &#8211; with a secret number, of course. Part of the population here in Denmark suffers from &#8220;schizophrenic megalomania&#8221;, which applies especially to the middle class. A large part of the Danish population&hellip; <a class=\"more-link\" href=\"https:\/\/www.tifca.dk\/index.php\/2023\/05\/19\/screw-into-that-freight-car-with-your-family\/\">L\u00e6s mere <span class=\"screen-reader-text\">&#8220;Screw into that freight car with your family&#8221;<\/span><\/a><\/p>\n","protected":false},"author":1,"featured_media":0,"comment_status":"open","ping_status":"open","sticky":false,"template":"","format":"standard","meta":{"footnotes":""},"categories":[1],"tags":[],"class_list":["post-221","post","type-post","status-publish","format-standard","hentry","category-uncategorized","entry"],"_links":{"self":[{"href":"https:\/\/www.tifca.dk\/index.php\/wp-json\/wp\/v2\/posts\/221","targetHints":{"allow":["GET"]}}],"collection":[{"href":"https:\/\/www.tifca.dk\/index.php\/wp-json\/wp\/v2\/posts"}],"about":[{"href":"https:\/\/www.tifca.dk\/index.php\/wp-json\/wp\/v2\/types\/post"}],"author":[{"embeddable":true,"href":"https:\/\/www.tifca.dk\/index.php\/wp-json\/wp\/v2\/users\/1"}],"replies":[{"embeddable":true,"href":"https:\/\/www.tifca.dk\/index.php\/wp-json\/wp\/v2\/comments?post=221"}],"version-history":[{"count":1,"href":"https:\/\/www.tifca.dk\/index.php\/wp-json\/wp\/v2\/posts\/221\/revisions"}],"predecessor-version":[{"id":222,"href":"https:\/\/www.tifca.dk\/index.php\/wp-json\/wp\/v2\/posts\/221\/revisions\/222"}],"wp:attachment":[{"href":"https:\/\/www.tifca.dk\/index.php\/wp-json\/wp\/v2\/media?parent=221"}],"wp:term":[{"taxonomy":"category","embeddable":true,"href":"https:\/\/www.tifca.dk\/index.php\/wp-json\/wp\/v2\/categories?post=221"},{"taxonomy":"post_tag","embeddable":true,"href":"https:\/\/www.tifca.dk\/index.php\/wp-json\/wp\/v2\/tags?post=221"}],"curies":[{"name":"wp","href":"https:\/\/api.w.org\/{rel}","templated":true}]}}